{"id":302,"date":"2013-11-09T12:36:28","date_gmt":"2013-11-09T11:36:28","guid":{"rendered":"http:\/\/msv-dorsten.de\/?p=302"},"modified":"2013-11-19T14:54:39","modified_gmt":"2013-11-19T13:54:39","slug":"302","status":"publish","type":"post","link":"https:\/\/msv-dorsten.de\/?p=302","title":{"rendered":"35-j\u00e4hriges Vereinsjubil\u00e4um 2012"},"content":{"rendered":"\n\t\t<style type=\"text\/css\">\n\t\t\t#gallery-1 {\n\t\t\t\tmargin: auto;\n\t\t\t}\n\t\t\t#gallery-1 .gallery-item {\n\t\t\t\tfloat: left;\n\t\t\t\tmargin-top: 10px;\n\t\t\t\ttext-align: center;\n\t\t\t\twidth: 33%;\n\t\t\t}\n\t\t\t#gallery-1 img {\n\t\t\t\tborder: 2px solid #cfcfcf;\n\t\t\t}\n\t\t\t#gallery-1 .gallery-caption {\n\t\t\t\tmargin-left: 0;\n\t\t\t}\n\t\t\t\/* see gallery_shortcode() in wp-includes\/media.php *\/\n\t\t<\/style>\n\t\t<div id='gallery-1' class='gallery galleryid-302 gallery-columns-3 gallery-size-thumbnail'><dl class='gallery-item'>\n\t\t\t<dt class='gallery-icon landscape'>\n\t\t\t\t<a href='https:\/\/msv-dorsten.de\/?attachment_id=303'><img loading=\"lazy\" decoding=\"async\" width=\"150\" height=\"150\" src=\"https:\/\/msv-dorsten.de\/wp-content\/uploads\/2013\/11\/9-aus-11-Grundungsmitglieder-150x150.jpg\" class=\"attachment-thumbnail size-thumbnail\" alt=\"\" aria-describedby=\"gallery-1-303\" \/><\/a>\n\t\t\t<\/dt>\n\t\t\t\t<dd class='wp-caption-text gallery-caption' id='gallery-1-303'>\n\t\t\t\tNeun der Elf Gr\u00fcndungsmitglieder! Franz &#8211; Volker &#8211; Hermann &#8211; Hanse &#8211; Georg &#8211; Hubertus &#8211; Waldemar &#8211; Paul &#8211; Klaus\n\t\t\t\t<\/dd><\/dl><dl class='gallery-item'>\n\t\t\t<dt class='gallery-icon landscape'>\n\t\t\t\t<a href='https:\/\/msv-dorsten.de\/?attachment_id=362'><img loading=\"lazy\" decoding=\"async\" width=\"150\" height=\"150\" src=\"https:\/\/msv-dorsten.de\/wp-content\/uploads\/2013\/11\/IMG_0222-150x150.jpg\" class=\"attachment-thumbnail size-thumbnail\" alt=\"\" \/><\/a>\n\t\t\t<\/dt><\/dl><dl class='gallery-item'>\n\t\t\t<dt class='gallery-icon landscape'>\n\t\t\t\t<a href='https:\/\/msv-dorsten.de\/?attachment_id=306'><img loading=\"lazy\" decoding=\"async\" width=\"150\" height=\"150\" src=\"https:\/\/msv-dorsten.de\/wp-content\/uploads\/2013\/11\/strahlende-Gesichter-150x150.jpg\" class=\"attachment-thumbnail size-thumbnail\" alt=\"\" aria-describedby=\"gallery-1-306\" \/><\/a>\n\t\t\t<\/dt>\n\t\t\t\t<dd class='wp-caption-text gallery-caption' id='gallery-1-306'>\n\t\t\t\tStrahlende Gesichter \n\t\t\t\t<\/dd><\/dl><br style=\"clear: both\" \/><dl class='gallery-item'>\n\t\t\t<dt class='gallery-icon landscape'>\n\t\t\t\t<a href='https:\/\/msv-dorsten.de\/?attachment_id=361'><img loading=\"lazy\" decoding=\"async\" width=\"150\" height=\"150\" src=\"https:\/\/msv-dorsten.de\/wp-content\/uploads\/2013\/11\/IMG_0212-150x150.jpg\" class=\"attachment-thumbnail size-thumbnail\" alt=\"\" \/><\/a>\n\t\t\t<\/dt><\/dl><dl class='gallery-item'>\n\t\t\t<dt class='gallery-icon landscape'>\n\t\t\t\t<a href='https:\/\/msv-dorsten.de\/?attachment_id=304'><img loading=\"lazy\" decoding=\"async\" width=\"150\" height=\"150\" src=\"https:\/\/msv-dorsten.de\/wp-content\/uploads\/2013\/11\/ausgelassene-Stimmung-150x150.jpg\" class=\"attachment-thumbnail size-thumbnail\" alt=\"\" aria-describedby=\"gallery-1-304\" \/><\/a>\n\t\t\t<\/dt>\n\t\t\t\t<dd class='wp-caption-text gallery-caption' id='gallery-1-304'>\n\t\t\t\tAusgelassene Stimmung\n\t\t\t\t<\/dd><\/dl><dl class='gallery-item'>\n\t\t\t<dt class='gallery-icon landscape'>\n\t\t\t\t<a href='https:\/\/msv-dorsten.de\/?attachment_id=363'><img loading=\"lazy\" decoding=\"async\" width=\"150\" height=\"150\" src=\"https:\/\/msv-dorsten.de\/wp-content\/uploads\/2013\/11\/IMG_0241-150x150.jpg\" class=\"attachment-thumbnail size-thumbnail\" alt=\"\" \/><\/a>\n\t\t\t<\/dt><\/dl><br style=\"clear: both\" \/><dl class='gallery-item'>\n\t\t\t<dt class='gallery-icon landscape'>\n\t\t\t\t<a href='https:\/\/msv-dorsten.de\/?attachment_id=305'><img loading=\"lazy\" decoding=\"async\" width=\"150\" height=\"150\" src=\"https:\/\/msv-dorsten.de\/wp-content\/uploads\/2013\/11\/klasse-Fete-150x150.jpg\" class=\"attachment-thumbnail size-thumbnail\" alt=\"\" aria-describedby=\"gallery-1-305\" \/><\/a>\n\t\t\t<\/dt>\n\t\t\t\t<dd class='wp-caption-text gallery-caption' id='gallery-1-305'>\n\t\t\t\tKlasse Party\n\t\t\t\t<\/dd><\/dl><dl class='gallery-item'>\n\t\t\t<dt class='gallery-icon landscape'>\n\t\t\t\t<a href='https:\/\/msv-dorsten.de\/?attachment_id=368'><img loading=\"lazy\" decoding=\"async\" width=\"150\" height=\"150\" src=\"https:\/\/msv-dorsten.de\/wp-content\/uploads\/2013\/11\/IMG_0377-150x150.jpg\" class=\"attachment-thumbnail size-thumbnail\" alt=\"\" \/><\/a>\n\t\t\t<\/dt><\/dl><dl class='gallery-item'>\n\t\t\t<dt class='gallery-icon landscape'>\n\t\t\t\t<a href='https:\/\/msv-dorsten.de\/?attachment_id=364'><img loading=\"lazy\" decoding=\"async\" width=\"150\" height=\"150\" src=\"https:\/\/msv-dorsten.de\/wp-content\/uploads\/2013\/11\/IMG_0255-150x150.jpg\" class=\"attachment-thumbnail size-thumbnail\" alt=\"\" \/><\/a>\n\t\t\t<\/dt><\/dl><br style=\"clear: both\" \/><dl class='gallery-item'>\n\t\t\t<dt class='gallery-icon landscape'>\n\t\t\t\t<a href='https:\/\/msv-dorsten.de\/?attachment_id=365'><img loading=\"lazy\" decoding=\"async\" width=\"150\" height=\"150\" src=\"https:\/\/msv-dorsten.de\/wp-content\/uploads\/2013\/11\/IMG_0264-150x150.jpg\" class=\"attachment-thumbnail size-thumbnail\" alt=\"\" \/><\/a>\n\t\t\t<\/dt><\/dl><dl class='gallery-item'>\n\t\t\t<dt class='gallery-icon portrait'>\n\t\t\t\t<a href='https:\/\/msv-dorsten.de\/?attachment_id=366'><img loading=\"lazy\" decoding=\"async\" width=\"150\" height=\"150\" src=\"https:\/\/msv-dorsten.de\/wp-content\/uploads\/2013\/11\/IMG_0348-150x150.jpg\" class=\"attachment-thumbnail size-thumbnail\" alt=\"\" \/><\/a>\n\t\t\t<\/dt><\/dl><dl class='gallery-item'>\n\t\t\t<dt class='gallery-icon landscape'>\n\t\t\t\t<a href='https:\/\/msv-dorsten.de\/?attachment_id=367'><img loading=\"lazy\" decoding=\"async\" width=\"150\" height=\"150\" src=\"https:\/\/msv-dorsten.de\/wp-content\/uploads\/2013\/11\/IMG_0365-150x150.jpg\" class=\"attachment-thumbnail size-thumbnail\" alt=\"\" \/><\/a>\n\t\t\t<\/dt><\/dl><br style=\"clear: both\" \/>\n\t\t<\/div>\n\n<p>&nbsp;<\/p>\n<p style=\"margin-bottom: 0cm;\"><strong><span style=\"font-family: Arial,sans-serif;\">35-Jahr-Feier des MSV Dorsten 1977 e.V.<\/span><\/strong><\/p>\n<p style=\"margin-bottom: 0cm;\"><span style=\"font-family: Arial,sans-serif;\">Dazu konnte man folgende internationale Schlagzeilen lesen:<\/span><\/p>\n<p>&nbsp;<\/p>\n<p style=\"margin-bottom: 0cm;\"><span style=\"font-family: Arial,sans-serif;\">&#8211; Bild: <span style=\"font-weight: normal;\">Megageile Party<\/span><\/span><\/p>\n<p style=\"margin-bottom: 0cm; font-weight: normal;\"><span style=\"font-family: Arial,sans-serif;\">&#8211; S\u00fcddeutsche Zeitung: zum richtigen Anlass die richtige Feier &#8211; typisch MSV!<\/span><\/p>\n<p style=\"margin-bottom: 0cm; font-weight: normal;\"><span style=\"font-family: Arial,sans-serif;\">&#8211; Gazetta dello sport: un festival davero buono per un grande club!<\/span><\/p>\n<p style=\"margin-bottom: 0cm; font-weight: normal;\"><span style=\"font-family: Arial,sans-serif;\">&#8211; Times-Deutschland: diese Feier hat wohl das Thronjubil\u00e4um in den Schatten gestellt.<\/span><\/p>\n<p style=\"margin-bottom: 0cm; font-weight: normal;\"><span style=\"font-family: Arial,sans-serif;\">Nun ja, das von der Times ist schon etwas \u00fcbertrieben \u2026<\/span><\/p>\n<p style=\"margin-bottom: 0cm;\"><span style=\"font-family: Arial,sans-serif;\">Aber nein, es war wirklich eine ganz runde Angelegenheit.<\/span><\/p>\n<p style=\"margin-bottom: 0cm;\"><span style=\"font-family: Arial,sans-serif;\"><span style=\"font-weight: normal;\">Angefangen bei der R\u00e4umlichkeit \u00fcber die <\/span>Versorgung mit fl\u00fcssiger und fester Nahrung<\/span><\/p>\n<p style=\"margin-bottom: 0cm;\"><span style=\"font-family: Arial,sans-serif;\">\u00fcber die Reaktionen auf die \u201elaufenden\u201c Bilder \u00fcber die Gespr\u00e4che an etlichen Tischen<\/span><\/p>\n<p style=\"margin-bottom: 0cm;\"><span style=\"font-family: Arial,sans-serif;\">bis hin zum Verhalten aller Anwesenden, es passte wirklich alles!<\/span><\/p>\n<p style=\"margin-bottom: 0cm;\"><span style=\"font-family: Arial,sans-serif;\">Wir wurden von den Wirtsleuten wirklich gelobt und wir haben das erste Fass wohl in einerRekordzeit leer bekommen, so dass Frau Wirtin etwas nerv\u00f6s wurde. Aber sogar daspasste nachher auf den Punkt.<\/span><\/p>\n<p style=\"margin-bottom: 0cm;\"><span style=\"font-family: Arial,sans-serif;\">Und so im R\u00fcckblick kann man sagen, dass erst etwas gezweifelt wurde, ob das alles so klappen wird.<\/span><\/p>\n<p><span style=\"font-family: Arial,sans-serif;\">Gerade die Tombola ist ja so super gelaufen. Auch gab es zuerst Bedenken hinsichtlich der R\u00e4umlichkeiten und so, aber alles war gut. Wirklich gut..<\/span><\/p>\n<p style=\"margin-bottom: 0cm;\"><span style=\"font-family: Arial,sans-serif;\">In diesem Sinne m\u00f6chte ich mich der Schlagzeile der S\u00fcddeutschen Zeitung anschlie\u00dfen und allen Beteiligten, ob Macher oder Gast, ein ganz herzliches Dankesch\u00f6n sagen.<\/span><\/p>\n<p style=\"margin-bottom: 0cm;\"><span style=\"font-family: Arial,sans-serif;\">Also: <span style=\"font-family: Arial,sans-serif;\">H<\/span>erzlichen Dank.<\/span><\/p>\n<p style=\"margin-bottom: 0cm;\"><strong><span style=\"font-family: Arial,sans-serif;\">Auf die n\u00e4chsten 35 Jahre MSV \u2026 BALL HOI<\/span><\/strong><\/p>\n<p style=\"margin-bottom: 0cm;\">\u00a0<\/p>\n<p style=\"margin-bottom: 0cm;\">Nachfolgend das Festbl\u00e4ttchen im PDF-Format:\u00a0\u00a0 <a href=\"http:\/\/msv-dorsten.de\/wp-content\/uploads\/2013\/11\/Festbl\u00e4ttchen.pdf\">Festbl\u00e4ttchen.pdf<\/a><\/p>\n<p>&nbsp;<\/p>\n","protected":false},"excerpt":{"rendered":"<p>&nbsp; 35-Jahr-Feier des MSV Dorsten 1977 e.V. Dazu konnte man folgende internationale Schlagzeilen lesen: &nbsp; &#8211; Bild: Megageile Party &#8211; S\u00fcddeutsche Zeitung: zum richtigen Anlass die richtige Feier &#8211; typisch MSV! &#8211; Gazetta dello sport: un festival davero buono per &hellip; <a href=\"https:\/\/msv-dorsten.de\/?p=302\">Weiterlesen <span class=\"meta-nav\">&rarr;<\/span><\/a><\/p>\n","protected":false},"author":2,"featured_media":0,"comment_status":"closed","ping_status":"closed","sticky":false,"template":"","format":"standard","meta":{"footnotes":""},"categories":[14,24],"tags":[],"_links":{"self":[{"href":"https:\/\/msv-dorsten.de\/index.php?rest_route=\/wp\/v2\/posts\/302"}],"collection":[{"href":"https:\/\/msv-dorsten.de\/index.php?rest_route=\/wp\/v2\/posts"}],"about":[{"href":"https:\/\/msv-dorsten.de\/index.php?rest_route=\/wp\/v2\/types\/post"}],"author":[{"embeddable":true,"href":"https:\/\/msv-dorsten.de\/index.php?rest_route=\/wp\/v2\/users\/2"}],"replies":[{"embeddable":true,"href":"https:\/\/msv-dorsten.de\/index.php?rest_route=%2Fwp%2Fv2%2Fcomments&post=302"}],"version-history":[{"count":8,"href":"https:\/\/msv-dorsten.de\/index.php?rest_route=\/wp\/v2\/posts\/302\/revisions"}],"predecessor-version":[{"id":563,"href":"https:\/\/msv-dorsten.de\/index.php?rest_route=\/wp\/v2\/posts\/302\/revisions\/563"}],"wp:attachment":[{"href":"https:\/\/msv-dorsten.de\/index.php?rest_route=%2Fwp%2Fv2%2Fmedia&parent=302"}],"wp:term":[{"taxonomy":"category","embeddable":true,"href":"https:\/\/msv-dorsten.de\/index.php?rest_route=%2Fwp%2Fv2%2Fcategories&post=302"},{"taxonomy":"post_tag","embeddable":true,"href":"https:\/\/msv-dorsten.de\/index.php?rest_route=%2Fwp%2Fv2%2Ftags&post=302"}],"curies":[{"name":"wp","href":"https:\/\/api.w.org\/{rel}","templated":true}]}}