{"id":1046,"date":"2017-05-12T20:10:01","date_gmt":"2017-05-12T18:10:01","guid":{"rendered":"http:\/\/msv-dorsten.de\/?p=1046"},"modified":"2017-05-12T20:10:01","modified_gmt":"2017-05-12T18:10:01","slug":"jahreshauptversammlung-2017","status":"publish","type":"post","link":"http:\/\/msv-dorsten.de\/?p=1046","title":{"rendered":"Jahreshauptversammlung 2017"},"content":{"rendered":"<p><span style=\"font-family: Arial,sans-serif;\"><span style=\"text-decoration: underline;\"><b>Jahreshauptversammlung MSV 23.04.2017<\/b><\/span> <\/span><\/p>\n<p><span style=\"font-family: Arial,sans-serif;\">Ja, dieses Jahr gab es wieder eine Hauptversammlung im normalen Zeitplan, also \u201eAnfang\u201c des Jahres. Ist ja auch Jubil\u00e4umsjahr, da gibt es genug zu tun.<\/span><\/p>\n<p><span style=\"font-family: Arial,sans-serif;\">Bei Lunemann haben wir dieses mal den blauen Salon gebucht, der platze auch fast aus den N\u00e4hten, weil die JHV gut besucht war.<\/span><\/p>\n<p><span style=\"font-family: Arial,sans-serif;\">Nach dem der Bericht vom 1. Vorsitzenden und dem Kassierer samt Kassenpr\u00fcfern vorgetragen war und der Vorstand entlastet war, kam es zur Wahl des Vorstandes. <\/span><\/p>\n<p><span style=\"font-family: Arial,sans-serif;\">Wie immer wurden im Vorfeld nat\u00fcrlich Kontakte zu potentiellen Kandidaten gesucht, da 2 Posten neu zu besetzen waren.<\/span><\/p>\n<p><span style=\"font-family: Arial,sans-serif;\">Gab es in der Form ja bereits und wir wissen auch, dass damals die alte Weisheit\u00a0\u00a0\u00a0\u00a0\u00a0\u00a0\u00a0\u00a0\u00a0 <\/span>\u201e<span style=\"font-family: Arial,sans-serif;\">1. kommt es anders, 2. als man denkt\u201c ihr Unwesen trieb.<\/span><\/p>\n<p><span style=\"font-family: Arial,sans-serif;\">Und dieses mal???<\/span><\/p>\n<p><span style=\"font-family: Arial,sans-serif;\">Alle aufgestellten Kandidaten wurden mit \u00fcberragender Mehrheit im Amt best\u00e4tigt oder neu in den Vorstand gew\u00e4hlt. Ein bisschen f\u00fchlte man sich wie im Osten, aber alles lief korrekt ab.<\/span><\/p>\n<p><span style=\"font-family: Arial,sans-serif;\">Dann gab es noch die Vorausschau f\u00fcr das Jubel-Jahr, die wichtigen Termine haben ja alle per Mail bekommen. Diese sind nat\u00fcrlich auch auf unserer Hompepage unter &#8222;Termine&#8220; jederzeit einsehbar.<br \/>\n<\/span><\/p>\n<p><span style=\"font-family: Arial,sans-serif;\">Dar\u00fcber hinaus war das die wahrscheinlich k\u00fcrzeste JHV in 40 Jahren MSV:\u00a0\u00a0\u00a0\u00a0\u00a0\u00a0\u00a0\u00a0\u00a0\u00a0\u00a0\u00a0\u00a0\u00a0\u00a0\u00a0\u00a0\u00a0\u00a0 35 Minuten und alles war in trockenen T\u00fcchern.<\/span><\/p>\n<p><span style=\"font-family: Arial,sans-serif;\">Nat\u00fcrlich gab es auch wieder Stimmen, dass fr\u00fcher alles sch\u00f6ner war und man sich mehr gestritten hat. Aber ganz ehrlich, wer braucht das?<\/span><\/p>\n<p><span style=\"font-family: Arial,sans-serif;\">Und daher konnten wir es uns dann auch noch gut schmecken lassen, die Bewirtung von Lena und ihrem Team war wieder 1A und wird definitiv wieder in Anspruch genommen.<\/span><\/p>\n<p><span style=\"font-family: Arial,sans-serif;\">Dann wollen Vorstand und Festausschuss mal wieder kr\u00e4ftig in die H\u00e4nde spucken,\u00a0\u00a0\u00a0\u00a0\u00a0\u00a0\u00a0 so dass auch alle Pl\u00e4ne umgesetzt werden k\u00f6nnen.<\/span><\/p>\n<p><span style=\"font-family: Arial,sans-serif;\">Ball hoi (3x)<\/span><\/p>\n","protected":false},"excerpt":{"rendered":"<p>Jahreshauptversammlung MSV 23.04.2017 Ja, dieses Jahr gab es wieder eine Hauptversammlung im normalen Zeitplan, also \u201eAnfang\u201c des Jahres. Ist ja auch Jubil\u00e4umsjahr, da gibt es genug zu tun. Bei Lunemann haben wir dieses mal den blauen Salon gebucht, der platze &hellip; <a href=\"http:\/\/msv-dorsten.de\/?p=1046\">Weiterlesen <span class=\"meta-nav\">&rarr;<\/span><\/a><\/p>\n","protected":false},"author":2,"featured_media":0,"comment_status":"closed","ping_status":"closed","sticky":false,"template":"","format":"standard","meta":{"footnotes":""},"categories":[29,16],"tags":[],"_links":{"self":[{"href":"http:\/\/msv-dorsten.de\/index.php?rest_route=\/wp\/v2\/posts\/1046"}],"collection":[{"href":"http:\/\/msv-dorsten.de\/index.php?rest_route=\/wp\/v2\/posts"}],"about":[{"href":"http:\/\/msv-dorsten.de\/index.php?rest_route=\/wp\/v2\/types\/post"}],"author":[{"embeddable":true,"href":"http:\/\/msv-dorsten.de\/index.php?rest_route=\/wp\/v2\/users\/2"}],"replies":[{"embeddable":true,"href":"http:\/\/msv-dorsten.de\/index.php?rest_route=%2Fwp%2Fv2%2Fcomments&post=1046"}],"version-history":[{"count":1,"href":"http:\/\/msv-dorsten.de\/index.php?rest_route=\/wp\/v2\/posts\/1046\/revisions"}],"predecessor-version":[{"id":1047,"href":"http:\/\/msv-dorsten.de\/index.php?rest_route=\/wp\/v2\/posts\/1046\/revisions\/1047"}],"wp:attachment":[{"href":"http:\/\/msv-dorsten.de\/index.php?rest_route=%2Fwp%2Fv2%2Fmedia&parent=1046"}],"wp:term":[{"taxonomy":"category","embeddable":true,"href":"http:\/\/msv-dorsten.de\/index.php?rest_route=%2Fwp%2Fv2%2Fcategories&post=1046"},{"taxonomy":"post_tag","embeddable":true,"href":"http:\/\/msv-dorsten.de\/index.php?rest_route=%2Fwp%2Fv2%2Ftags&post=1046"}],"curies":[{"name":"wp","href":"https:\/\/api.w.org\/{rel}","templated":true}]}}